{"id":5535,"date":"2025-10-01T15:01:46","date_gmt":"2025-10-01T13:01:46","guid":{"rendered":"https:\/\/www.bantam.ch\/?p=5535"},"modified":"2026-01-05T10:26:12","modified_gmt":"2026-01-05T09:26:12","slug":"bantam-laedt-sie-zum-suisse-caravan-salon-2025-ein","status":"publish","type":"post","link":"https:\/\/www.bantam.ch\/de\/bantam-laedt-sie-zum-suisse-caravan-salon-2025-ein\/","title":{"rendered":"Bantam l\u00e4dt Sie zum Suisse Caravan Salon 2025 ein"},"content":{"rendered":"\n<figure class=\"wp-block-image size-full\"><img decoding=\"async\" width=\"1130\" height=\"480\" src=\"https:\/\/www.bantam.ch\/wp-content\/uploads\/2025\/10\/NEWS_1130x480px_Salon_BE-1.jpg\" alt=\"\" class=\"wp-image-5536\"\/><\/figure>\n\n\n\n<p>Wie jedes Jahr ist Bantam stolz darauf, am Suisse Caravan Salon teilzunehmen \u2013 der gr\u00f6ssten Schweizer Messe f\u00fcr Camping und Caravaning \u2013, die vom 23. bis 27. Oktober 2025 auf dem BERNEXPO Messegel\u00e4nde in Bern stattfindet.<\/p>\n\n\n\n<p>Diese unverzichtbare Veranstaltung zieht \u00fcber 57&#8217;000 begeisterte Besucher an, die sich f\u00fcr Outdoor-Reisen, Camping und Caravaning interessieren. Mit \u00fcber 400 Ausstellern auf 50&#8217;000 m\u00b2 bietet die Messe ein umfassendes Eintauchen in die Welt des mobilen Reisens.<\/p>\n\n\n\n<p>Bei Bantam erwarten Sie ein herzlicher Empfang und zahlreiche exklusive Angebote auf unsere Fahrzeuge. Nutzen Sie die Gelegenheit, um:<\/p>\n\n\n\n<p>&nbsp;\u2022&nbsp;Unsere Neuheiten exklusiv vorab zu entdecken<\/p>\n\n\n\n<p>&nbsp;&nbsp;\u2022&nbsp;Von exklusiven Rabatten zu profitieren, die nur f\u00fcr Messebesucher gelten<\/p>\n\n\n\n<p>&nbsp;&nbsp;\u2022&nbsp;Mit unseren Experten ins Gespr\u00e4ch zu kommen und Ihre Fragen zu stellen<\/p>\n\n\n\n<p>&nbsp;&nbsp;\u2022&nbsp;Eine intensive Erfahrung in der Welt des Campings und Caravanings zu erleben<\/p>\n\n\n\n<p>Erm\u00e4ssigte Tickets<br>Sichern Sie sich Ihre Tickets online und profitieren Sie von CHF 5.- Rabatt pro Ticket mit unserem exklusiven Promo-Code \u2013 g\u00fcltig nur f\u00fcr eine begrenzte Anzahl Tickets! Verpassen Sie diese Gelegenheit nicht!<\/p>\n\n\n\n<p><a href=\"https:\/\/online.bernexpo.ch\/webshop\/259\/tickets?voucher=1105307201\" rel=\"nofollow\">https:\/\/online.bernexpo.ch\/webshop\/259\/tickets?voucher=1105307201<\/a><\/p>\n\n\n\n<p>Besuchen Sie uns, sprechen Sie mit uns \u00fcber Ihre Projekte und entdecken Sie, wie Bantam Sie bei Ihren n\u00e4chsten Abenteuern begleiten kann:<\/p>\n\n\n\n<p>Bantam Van: Halle 3.2<\/p>\n\n\n\n<p>B\u00fcrstner: Halle 3.2<\/p>\n\n\n\n<p>Carado: Halle 3.2<\/p>\n\n\n\n<p>Carthago: Halle 3.2<\/p>\n\n\n\n<p>Dreamer&nbsp;:&nbsp;Halle 3.0<\/p>\n\n\n\n<p>Eriba : Stage, S004<\/p>\n\n\n\n<p>Fendt: Halle 2.2<\/p>\n\n\n\n<p>Hanroad: Halle 3.2<\/p>\n\n\n\n<p>Hobby: Halle 2.0<\/p>\n\n\n\n<p>Hymer : Stage, S004<\/p>\n\n\n\n<p>Le Voyageur: Halle 3.2<\/p>\n\n\n\n<p>Malibu: Halle 3.2<\/p>\n\n\n\n<p>Pilote: Halle 3.2<\/p>\n\n\n\n<p>Messeinfos: <a href=\"https:\/\/aussteller.bernexpo.ch\/aussteller\/scs-de.aspx\" target=\"_blank\" rel=\"noreferrer noopener\" style=\"color: rgb(218 36 32\/var(--tw-text-opacity,1));text-decoration-line: underline;\">Ausstellerportal &#8211; Suisse Caravan Salon<\/a><\/p>\n\n\n\n<p><\/p>\n","protected":false},"excerpt":{"rendered":"<p>Wie jedes Jahr ist Bantam stolz darauf, am Suisse Caravan Salon teilzunehmen \u2013 der gr\u00f6\u00dften Schweizer Messe f\u00fcr Camping und Caravaning \u2013, die vom 23. bis 27. Oktober 2025 auf dem BERNEXPO Messegel\u00e4nde in Bern stattfindet.<\/p>\n","protected":false},"author":5,"featured_media":5536,"comment_status":"closed","ping_status":"closed","sticky":false,"template":"","format":"standard","meta":{"_acf_changed":false,"footnotes":""},"categories":[3,4,5],"tags":[],"class_list":["post-5535","post","type-post","status-publish","format-standard","has-post-thumbnail","hentry","category-camping-cars","category-caravanes","category-informations-evenements"],"acf":[],"yoast_head":"<!-- This site is optimized with the Yoast SEO plugin v27.5 - https:\/\/yoast.com\/product\/yoast-seo-wordpress\/ -->\n<title>Bantam l\u00e4dt Sie zum Suisse Caravan Salon 2025 ein - Bantam<\/title>\n<meta name=\"robots\" content=\"index, follow, max-snippet:-1, max-image-preview:large, max-video-preview:-1\" \/>\n<link rel=\"canonical\" href=\"https:\/\/www.bantam.ch\/bantam-vous-donne-rendez-vous-au-suisse-caravan-salon-2025\/\" \/>\n<meta property=\"og:locale\" content=\"de_DE\" \/>\n<meta property=\"og:type\" content=\"article\" \/>\n<meta property=\"og:title\" content=\"Bantam l\u00e4dt Sie zum Suisse Caravan Salon 2025 ein - Bantam\" \/>\n<meta property=\"og:description\" content=\"Wie jedes Jahr ist Bantam stolz darauf, am Suisse Caravan Salon teilzunehmen \u2013 der gr\u00f6\u00dften Schweizer Messe f\u00fcr Camping und Caravaning \u2013, die vom 23. bis 27. Oktober 2025 auf dem BERNEXPO Messegel\u00e4nde in Bern stattfindet.\" \/>\n<meta property=\"og:url\" content=\"https:\/\/www.bantam.ch\/bantam-vous-donne-rendez-vous-au-suisse-caravan-salon-2025\/\" \/>\n<meta property=\"og:site_name\" content=\"Bantam\" \/>\n<meta property=\"article:published_time\" content=\"2025-10-01T13:01:46+00:00\" \/>\n<meta property=\"article:modified_time\" content=\"2026-01-05T09:26:12+00:00\" \/>\n<meta property=\"og:image\" content=\"https:\/\/www.bantam.ch\/wp-content\/uploads\/2025\/10\/NEWS_1130x480px_Salon_BE-1.jpg\" \/>\n\t<meta property=\"og:image:width\" content=\"1130\" \/>\n\t<meta property=\"og:image:height\" content=\"480\" \/>\n\t<meta property=\"og:image:type\" content=\"image\/jpeg\" \/>\n<meta name=\"author\" content=\"gilles\" \/>\n<meta name=\"twitter:card\" content=\"summary_large_image\" \/>\n<meta name=\"twitter:label1\" content=\"Verfasst von\" \/>\n\t<meta name=\"twitter:data1\" content=\"gilles\" \/>\n\t<meta name=\"twitter:label2\" content=\"Gesch\u00e4tzte Lesezeit\" \/>\n\t<meta name=\"twitter:data2\" content=\"2\u00a0Minuten\" \/>\n<script type=\"application\/ld+json\" class=\"yoast-schema-graph\">{\"@context\":\"https:\\\/\\\/schema.org\",\"@graph\":[{\"@type\":\"Article\",\"@id\":\"https:\\\/\\\/www.bantam.ch\\\/bantam-vous-donne-rendez-vous-au-suisse-caravan-salon-2025\\\/#article\",\"isPartOf\":{\"@id\":\"https:\\\/\\\/www.bantam.ch\\\/bantam-vous-donne-rendez-vous-au-suisse-caravan-salon-2025\\\/\"},\"author\":{\"name\":\"gilles\",\"@id\":\"https:\\\/\\\/www.bantam.ch\\\/#\\\/schema\\\/person\\\/5ec32dca0d907db9d0c67843d1e1b47f\"},\"headline\":\"Bantam l\u00e4dt Sie zum Suisse Caravan Salon 2025 ein\",\"datePublished\":\"2025-10-01T13:01:46+00:00\",\"dateModified\":\"2026-01-05T09:26:12+00:00\",\"mainEntityOfPage\":{\"@id\":\"https:\\\/\\\/www.bantam.ch\\\/bantam-vous-donne-rendez-vous-au-suisse-caravan-salon-2025\\\/\"},\"wordCount\":253,\"image\":{\"@id\":\"https:\\\/\\\/www.bantam.ch\\\/bantam-vous-donne-rendez-vous-au-suisse-caravan-salon-2025\\\/#primaryimage\"},\"thumbnailUrl\":\"https:\\\/\\\/www.bantam.ch\\\/wp-content\\\/uploads\\\/2025\\\/10\\\/NEWS_1130x480px_Salon_BE-1.jpg\",\"articleSection\":[\"Camping-cars\",\"Caravanes\",\"Informations \\\/ Ev\u00e9nements\"],\"inLanguage\":\"de\"},{\"@type\":\"WebPage\",\"@id\":\"https:\\\/\\\/www.bantam.ch\\\/bantam-vous-donne-rendez-vous-au-suisse-caravan-salon-2025\\\/\",\"url\":\"https:\\\/\\\/www.bantam.ch\\\/bantam-vous-donne-rendez-vous-au-suisse-caravan-salon-2025\\\/\",\"name\":\"Bantam l\u00e4dt Sie zum Suisse Caravan Salon 2025 ein - Bantam\",\"isPartOf\":{\"@id\":\"https:\\\/\\\/www.bantam.ch\\\/#website\"},\"primaryImageOfPage\":{\"@id\":\"https:\\\/\\\/www.bantam.ch\\\/bantam-vous-donne-rendez-vous-au-suisse-caravan-salon-2025\\\/#primaryimage\"},\"image\":{\"@id\":\"https:\\\/\\\/www.bantam.ch\\\/bantam-vous-donne-rendez-vous-au-suisse-caravan-salon-2025\\\/#primaryimage\"},\"thumbnailUrl\":\"https:\\\/\\\/www.bantam.ch\\\/wp-content\\\/uploads\\\/2025\\\/10\\\/NEWS_1130x480px_Salon_BE-1.jpg\",\"datePublished\":\"2025-10-01T13:01:46+00:00\",\"dateModified\":\"2026-01-05T09:26:12+00:00\",\"author\":{\"@id\":\"https:\\\/\\\/www.bantam.ch\\\/#\\\/schema\\\/person\\\/5ec32dca0d907db9d0c67843d1e1b47f\"},\"breadcrumb\":{\"@id\":\"https:\\\/\\\/www.bantam.ch\\\/bantam-vous-donne-rendez-vous-au-suisse-caravan-salon-2025\\\/#breadcrumb\"},\"inLanguage\":\"de\",\"potentialAction\":[{\"@type\":\"ReadAction\",\"target\":[\"https:\\\/\\\/www.bantam.ch\\\/bantam-vous-donne-rendez-vous-au-suisse-caravan-salon-2025\\\/\"]}]},{\"@type\":\"ImageObject\",\"inLanguage\":\"de\",\"@id\":\"https:\\\/\\\/www.bantam.ch\\\/bantam-vous-donne-rendez-vous-au-suisse-caravan-salon-2025\\\/#primaryimage\",\"url\":\"https:\\\/\\\/www.bantam.ch\\\/wp-content\\\/uploads\\\/2025\\\/10\\\/NEWS_1130x480px_Salon_BE-1.jpg\",\"contentUrl\":\"https:\\\/\\\/www.bantam.ch\\\/wp-content\\\/uploads\\\/2025\\\/10\\\/NEWS_1130x480px_Salon_BE-1.jpg\",\"width\":1130,\"height\":480},{\"@type\":\"BreadcrumbList\",\"@id\":\"https:\\\/\\\/www.bantam.ch\\\/bantam-vous-donne-rendez-vous-au-suisse-caravan-salon-2025\\\/#breadcrumb\",\"itemListElement\":[{\"@type\":\"ListItem\",\"position\":1,\"name\":\"Home\",\"item\":\"https:\\\/\\\/www.bantam.ch\\\/de\\\/\"},{\"@type\":\"ListItem\",\"position\":2,\"name\":\"Bantam l\u00e4dt Sie zum Suisse Caravan Salon 2025 ein\"}]},{\"@type\":\"WebSite\",\"@id\":\"https:\\\/\\\/www.bantam.ch\\\/#website\",\"url\":\"https:\\\/\\\/www.bantam.ch\\\/\",\"name\":\"Bantam Etagni\u00e8res\",\"description\":\"\",\"potentialAction\":[{\"@type\":\"SearchAction\",\"target\":{\"@type\":\"EntryPoint\",\"urlTemplate\":\"https:\\\/\\\/www.bantam.ch\\\/?s={search_term_string}\"},\"query-input\":{\"@type\":\"PropertyValueSpecification\",\"valueRequired\":true,\"valueName\":\"search_term_string\"}}],\"inLanguage\":\"de\"},{\"@type\":\"Person\",\"@id\":\"https:\\\/\\\/www.bantam.ch\\\/#\\\/schema\\\/person\\\/5ec32dca0d907db9d0c67843d1e1b47f\",\"name\":\"gilles\",\"image\":{\"@type\":\"ImageObject\",\"inLanguage\":\"de\",\"@id\":\"https:\\\/\\\/secure.gravatar.com\\\/avatar\\\/df2d89d22fbd99c8419e05386f0ccb4a5cfc4584b3f8cf2ce5f94d300cc7c08e?s=96&d=mm&r=g\",\"url\":\"https:\\\/\\\/secure.gravatar.com\\\/avatar\\\/df2d89d22fbd99c8419e05386f0ccb4a5cfc4584b3f8cf2ce5f94d300cc7c08e?s=96&d=mm&r=g\",\"contentUrl\":\"https:\\\/\\\/secure.gravatar.com\\\/avatar\\\/df2d89d22fbd99c8419e05386f0ccb4a5cfc4584b3f8cf2ce5f94d300cc7c08e?s=96&d=mm&r=g\",\"caption\":\"gilles\"},\"url\":\"https:\\\/\\\/www.bantam.ch\\\/de\\\/author\\\/gilles\\\/\"}]}<\/script>\n<!-- \/ Yoast SEO plugin. -->","yoast_head_json":{"title":"Bantam l\u00e4dt Sie zum Suisse Caravan Salon 2025 ein - Bantam","robots":{"index":"index","follow":"follow","max-snippet":"max-snippet:-1","max-image-preview":"max-image-preview:large","max-video-preview":"max-video-preview:-1"},"canonical":"https:\/\/www.bantam.ch\/bantam-vous-donne-rendez-vous-au-suisse-caravan-salon-2025\/","og_locale":"de_DE","og_type":"article","og_title":"Bantam l\u00e4dt Sie zum Suisse Caravan Salon 2025 ein - Bantam","og_description":"Wie jedes Jahr ist Bantam stolz darauf, am Suisse Caravan Salon teilzunehmen \u2013 der gr\u00f6\u00dften Schweizer Messe f\u00fcr Camping und Caravaning \u2013, die vom 23. bis 27. Oktober 2025 auf dem BERNEXPO Messegel\u00e4nde in Bern stattfindet.","og_url":"https:\/\/www.bantam.ch\/bantam-vous-donne-rendez-vous-au-suisse-caravan-salon-2025\/","og_site_name":"Bantam","article_published_time":"2025-10-01T13:01:46+00:00","article_modified_time":"2026-01-05T09:26:12+00:00","og_image":[{"width":1130,"height":480,"url":"https:\/\/www.bantam.ch\/wp-content\/uploads\/2025\/10\/NEWS_1130x480px_Salon_BE-1.jpg","type":"image\/jpeg"}],"author":"gilles","twitter_card":"summary_large_image","twitter_misc":{"Verfasst von":"gilles","Gesch\u00e4tzte Lesezeit":"2\u00a0Minuten"},"schema":{"@context":"https:\/\/schema.org","@graph":[{"@type":"Article","@id":"https:\/\/www.bantam.ch\/bantam-vous-donne-rendez-vous-au-suisse-caravan-salon-2025\/#article","isPartOf":{"@id":"https:\/\/www.bantam.ch\/bantam-vous-donne-rendez-vous-au-suisse-caravan-salon-2025\/"},"author":{"name":"gilles","@id":"https:\/\/www.bantam.ch\/#\/schema\/person\/5ec32dca0d907db9d0c67843d1e1b47f"},"headline":"Bantam l\u00e4dt Sie zum Suisse Caravan Salon 2025 ein","datePublished":"2025-10-01T13:01:46+00:00","dateModified":"2026-01-05T09:26:12+00:00","mainEntityOfPage":{"@id":"https:\/\/www.bantam.ch\/bantam-vous-donne-rendez-vous-au-suisse-caravan-salon-2025\/"},"wordCount":253,"image":{"@id":"https:\/\/www.bantam.ch\/bantam-vous-donne-rendez-vous-au-suisse-caravan-salon-2025\/#primaryimage"},"thumbnailUrl":"https:\/\/www.bantam.ch\/wp-content\/uploads\/2025\/10\/NEWS_1130x480px_Salon_BE-1.jpg","articleSection":["Camping-cars","Caravanes","Informations \/ Ev\u00e9nements"],"inLanguage":"de"},{"@type":"WebPage","@id":"https:\/\/www.bantam.ch\/bantam-vous-donne-rendez-vous-au-suisse-caravan-salon-2025\/","url":"https:\/\/www.bantam.ch\/bantam-vous-donne-rendez-vous-au-suisse-caravan-salon-2025\/","name":"Bantam l\u00e4dt Sie zum Suisse Caravan Salon 2025 ein - Bantam","isPartOf":{"@id":"https:\/\/www.bantam.ch\/#website"},"primaryImageOfPage":{"@id":"https:\/\/www.bantam.ch\/bantam-vous-donne-rendez-vous-au-suisse-caravan-salon-2025\/#primaryimage"},"image":{"@id":"https:\/\/www.bantam.ch\/bantam-vous-donne-rendez-vous-au-suisse-caravan-salon-2025\/#primaryimage"},"thumbnailUrl":"https:\/\/www.bantam.ch\/wp-content\/uploads\/2025\/10\/NEWS_1130x480px_Salon_BE-1.jpg","datePublished":"2025-10-01T13:01:46+00:00","dateModified":"2026-01-05T09:26:12+00:00","author":{"@id":"https:\/\/www.bantam.ch\/#\/schema\/person\/5ec32dca0d907db9d0c67843d1e1b47f"},"breadcrumb":{"@id":"https:\/\/www.bantam.ch\/bantam-vous-donne-rendez-vous-au-suisse-caravan-salon-2025\/#breadcrumb"},"inLanguage":"de","potentialAction":[{"@type":"ReadAction","target":["https:\/\/www.bantam.ch\/bantam-vous-donne-rendez-vous-au-suisse-caravan-salon-2025\/"]}]},{"@type":"ImageObject","inLanguage":"de","@id":"https:\/\/www.bantam.ch\/bantam-vous-donne-rendez-vous-au-suisse-caravan-salon-2025\/#primaryimage","url":"https:\/\/www.bantam.ch\/wp-content\/uploads\/2025\/10\/NEWS_1130x480px_Salon_BE-1.jpg","contentUrl":"https:\/\/www.bantam.ch\/wp-content\/uploads\/2025\/10\/NEWS_1130x480px_Salon_BE-1.jpg","width":1130,"height":480},{"@type":"BreadcrumbList","@id":"https:\/\/www.bantam.ch\/bantam-vous-donne-rendez-vous-au-suisse-caravan-salon-2025\/#breadcrumb","itemListElement":[{"@type":"ListItem","position":1,"name":"Home","item":"https:\/\/www.bantam.ch\/de\/"},{"@type":"ListItem","position":2,"name":"Bantam l\u00e4dt Sie zum Suisse Caravan Salon 2025 ein"}]},{"@type":"WebSite","@id":"https:\/\/www.bantam.ch\/#website","url":"https:\/\/www.bantam.ch\/","name":"Bantam Etagni\u00e8res","description":"","potentialAction":[{"@type":"SearchAction","target":{"@type":"EntryPoint","urlTemplate":"https:\/\/www.bantam.ch\/?s={search_term_string}"},"query-input":{"@type":"PropertyValueSpecification","valueRequired":true,"valueName":"search_term_string"}}],"inLanguage":"de"},{"@type":"Person","@id":"https:\/\/www.bantam.ch\/#\/schema\/person\/5ec32dca0d907db9d0c67843d1e1b47f","name":"gilles","image":{"@type":"ImageObject","inLanguage":"de","@id":"https:\/\/secure.gravatar.com\/avatar\/df2d89d22fbd99c8419e05386f0ccb4a5cfc4584b3f8cf2ce5f94d300cc7c08e?s=96&d=mm&r=g","url":"https:\/\/secure.gravatar.com\/avatar\/df2d89d22fbd99c8419e05386f0ccb4a5cfc4584b3f8cf2ce5f94d300cc7c08e?s=96&d=mm&r=g","contentUrl":"https:\/\/secure.gravatar.com\/avatar\/df2d89d22fbd99c8419e05386f0ccb4a5cfc4584b3f8cf2ce5f94d300cc7c08e?s=96&d=mm&r=g","caption":"gilles"},"url":"https:\/\/www.bantam.ch\/de\/author\/gilles\/"}]}},"publishpress_future_action":{"enabled":false,"date":"2026-05-09 13:05:30","action":"change-status","newStatus":"draft","terms":[],"taxonomy":"category","extraData":[]},"publishpress_future_workflow_manual_trigger":{"enabledWorkflows":[]},"featured_image_url":"https:\/\/www.bantam.ch\/wp-content\/uploads\/2025\/10\/NEWS_1130x480px_Salon_BE-1.jpg","permalink":"https:\/\/www.bantam.ch\/de\/bantam-laedt-sie-zum-suisse-caravan-salon-2025-ein\/","lang":"de","_links":{"self":[{"href":"https:\/\/www.bantam.ch\/de\/wp-json\/wp\/v2\/posts\/5535","targetHints":{"allow":["GET"]}}],"collection":[{"href":"https:\/\/www.bantam.ch\/de\/wp-json\/wp\/v2\/posts"}],"about":[{"href":"https:\/\/www.bantam.ch\/de\/wp-json\/wp\/v2\/types\/post"}],"author":[{"embeddable":true,"href":"https:\/\/www.bantam.ch\/de\/wp-json\/wp\/v2\/users\/5"}],"replies":[{"embeddable":true,"href":"https:\/\/www.bantam.ch\/de\/wp-json\/wp\/v2\/comments?post=5535"}],"version-history":[{"count":6,"href":"https:\/\/www.bantam.ch\/de\/wp-json\/wp\/v2\/posts\/5535\/revisions"}],"predecessor-version":[{"id":5589,"href":"https:\/\/www.bantam.ch\/de\/wp-json\/wp\/v2\/posts\/5535\/revisions\/5589"}],"wp:featuredmedia":[{"embeddable":true,"href":"https:\/\/www.bantam.ch\/de\/wp-json\/wp\/v2\/media\/5536"}],"wp:attachment":[{"href":"https:\/\/www.bantam.ch\/de\/wp-json\/wp\/v2\/media?parent=5535"}],"wp:term":[{"taxonomy":"category","embeddable":true,"href":"https:\/\/www.bantam.ch\/de\/wp-json\/wp\/v2\/categories?post=5535"},{"taxonomy":"post_tag","embeddable":true,"href":"https:\/\/www.bantam.ch\/de\/wp-json\/wp\/v2\/tags?post=5535"}],"curies":[{"name":"wp","href":"https:\/\/api.w.org\/{rel}","templated":true}]}}